{"id":1129,"date":"2023-10-05T19:48:33","date_gmt":"2023-10-05T19:48:33","guid":{"rendered":"https:\/\/solvere.legal\/?p=1129"},"modified":"2023-10-05T20:02:53","modified_gmt":"2023-10-05T20:02:53","slug":"y-los-poderes-para-personas-juridicas","status":"publish","type":"post","link":"https:\/\/solvere.legal\/en\/y-los-poderes-para-personas-juridicas\/","title":{"rendered":"\u00bfY LOS PODERES PARA PERSONAS JUR\u00cdDICAS?"},"content":{"rendered":"<p><sub>5 de octubre de 2023.<\/sub><\/p>\n\n\n\n<p><sub>Por: Wilson Castro Manrique\/ Socio director del \u00e1rea de Litigios<\/sub>.<\/p>\n\n\n\n<p>Una de las novedades del C\u00f3digo General del Proceso (CGP) consisti\u00f3 en permitir que el poder para actuar en los procesos judiciales se concediera no solo a un abogado concreto, sino tambi\u00e9n a las benem\u00e9ritas y muy respetables firmas de abogados. Para tal fin, el art\u00edculo 75 estableci\u00f3 la posibilidad de que, en adelante, el poder se pudiera otorgar a \u201cuna persona jur\u00eddica cuyo objeto social principal sea la prestaci\u00f3n de servicios jur\u00eddicos\u201d, lo que, como contrapartida, supuso la necesidad de que dichas personas jur\u00eddicas tuvieran que inscribir en su registro mercantil a los abogados que litigar\u00edan bajo su \u00e9gida. Y hasta aqu\u00ed, todo muy bien.<\/p>\n\n\n\n<p>Y decimos que todo muy bien, porque esta posibilidad aminor\u00f3 el impacto de la (en muchos casos, alta) rotaci\u00f3n de abogados en estas personas jur\u00eddicas. Es usual que, en firmas grandes, el abogado que empez\u00f3 el proceso no sea el mismo que lo termine, lo que supon\u00eda el desgaste de o bien tramitar sustituciones, renuncias y dem\u00e1s yerbas adyacentes, o de obtener un nuevo poder, con la correspondiente incomodidad (e intranquilidad) del cliente, que, a la larga, no sab\u00eda ni qui\u00e9n lo estaba atendiendo.<\/p>\n\n\n\n<p>Y hasta aqu\u00ed, insistimos, todo muy bien. Pero lleg\u00f3 la pandemia.<\/p>\n\n\n\n<figure class=\"wp-block-image size-large\"><img fetchpriority=\"high\" decoding=\"async\" width=\"1024\" height=\"378\" src=\"https:\/\/solvere.legal\/wp-content\/uploads\/2023\/10\/Imagen-poder-1024x378.jpg\" alt=\"\" class=\"wp-image-1130\" srcset=\"https:\/\/solvere.legal\/wp-content\/uploads\/2023\/10\/Imagen-poder-1024x378.jpg 1024w, https:\/\/solvere.legal\/wp-content\/uploads\/2023\/10\/Imagen-poder-300x111.jpg 300w, https:\/\/solvere.legal\/wp-content\/uploads\/2023\/10\/Imagen-poder-768x284.jpg 768w, https:\/\/solvere.legal\/wp-content\/uploads\/2023\/10\/Imagen-poder-18x7.jpg 18w, https:\/\/solvere.legal\/wp-content\/uploads\/2023\/10\/Imagen-poder.jpg 1104w\" sizes=\"(max-width: 1024px) 100vw, 1024px\" \/><\/figure>\n\n\n\n<p><sub>Fuente: Jubilacionypension.com<\/sub><\/p>\n\n\n\n<p>Y decimos que este momento es crucial para el asunto, porque con el Decreto 806 de 2020, y luego con la Ley 2213 de 2022, apareci\u00f3 la posibilidad de otorgar poder mediante mensaje de datos (Cfr. Art. 5 de la ley). Esta posibilidad (bendita, sin duda) ha ahorrado recursos y esfuerzos (\u00a1c\u00f3mo nos extra\u00f1an en las notar\u00edas!), pero incluy\u00f3 un bemol m\u00e1s: el mensaje de datos contentivo del poder debe dirigirse a la direcci\u00f3n de \u201ccorreo electr\u00f3nico del apoderado que deber\u00e1 coincidir con la inscrita en el Registro Nacional de Abogados\u201d, tambi\u00e9n conocido como SIRNA.<\/p>\n\n\n\n<p>Como casi siempre le pasa al legislador de excepci\u00f3n y al legislador \u201ca la carrera\u201d (el Decreto 806 se expidi\u00f3 en el marco de la emergencia social, y la Ley 2213 hubo que expedirla a las volandas por el decaimiento de ese mismo decreto), se les pas\u00f3 un \u201cdetallito\u201d: las sociedades de abogados, si bien tienen consignado un correo electr\u00f3nico de notificaciones judiciales en el registro mercantil, no tienen registro en el SIRNA. De manera que, al menos en la norma, la posibilidad de otorgar poder a una persona jur\u00eddica mediante correo electr\u00f3nico no se encuentra prevista.<\/p>\n\n\n\n<p>Interpretaciones las hay: por un lado, quien piensa que s\u00ed se puede, y para ello bastar\u00eda que el mensaje de datos se dirigiera a la direcci\u00f3n de notificaciones judiciales de la firma, que ser\u00eda equivalente al SIRNA, en tanto que registro p\u00fablico (m\u00e1s p\u00fablico, incluso, que el propio SIRNA); por el otro, quien piensa que no, porque como el legislador no previ\u00f3 la posibilidad de hacerlo as\u00ed para las personas jur\u00eddicas, entonces el poder que a ellas se otorgue siempre debe ser f\u00edsico.<\/p>\n\n\n\n<p>Nosotros somos de la primera postura, pero reconocemos que la segunda tiene muchos adeptos, lo que no ser\u00eda mayor problema, de no ser porque entre esos adeptos se encuentran muchos despachos judiciales. La falta de uniformidad sobre el asunto es, por tanto, un verdadero problema.<\/p>\n\n\n\n<p>\u00bfLa soluci\u00f3n? El m\u00e1s purista dir\u00e1 que, como fue la ley la de la omisi\u00f3n, debe ser ella misma quien lo corrija. Empero, no caer\u00eda mal que el Consejo Superior de la Judicatura, como superior de la Unidad de Registro Nacional de Abogados (URNA) disponga abrir un rengl\u00f3n o un apartado en el SIRNA para que las firmas de abogados se registren y contar, as\u00ed, con una direcci\u00f3n registrada all\u00ed, para que los poderes se dirijan hacia esas mismas direcciones, y continuar aprovechando las ventajas del art\u00edculo 75 del CGP. De pronto, as\u00ed superamos el entuerto.<\/p>\n\n\n\n<p>Mientras estas t\u00edmidas l\u00edneas llegan a los ojos de estas autoridades, continuaremos en la faena\u2026<\/p>\n\n\n\n<p><\/p>","protected":false},"excerpt":{"rendered":"<p>5 de octubre de 2023. Por: Wilson Castro Manrique\/ Socio director del \u00e1rea de Litigios. Una de las novedades del C\u00f3digo General del Proceso (CGP) consisti\u00f3 en permitir que el poder para actuar en los procesos judiciales se concediera no solo a un abogado concreto, sino tambi\u00e9n a las benem\u00e9ritas y muy respetables firmas de [&hellip;]<\/p>\n","protected":false},"author":4,"featured_media":1132,"comment_status":"closed","ping_status":"closed","sticky":false,"template":"","format":"standard","meta":{"_acf_changed":false,"footnotes":""},"categories":[1],"tags":[],"class_list":["post-1129","post","type-post","status-publish","format-standard","has-post-thumbnail","hentry","category-uncategorized"],"acf":[],"yoast_head":"<!-- This site is optimized with the Yoast SEO plugin v27.3 - https:\/\/yoast.com\/product\/yoast-seo-wordpress\/ -->\n<title>\u00bfY LOS PODERES PARA PERSONAS JUR\u00cdDICAS? - Solvere<\/title>\n<meta name=\"description\" content=\"Una de las novedades del C\u00f3digo General del Proceso (CGP) consisti\u00f3 en introducir la posibilidad de que el poder para actuar en los procesos judiciales pudiera concederse no solo a un abogado concreto, sino tambi\u00e9n a las benem\u00e9ritas y muy respetables firmas de abogados. Para tal fin, el art\u00edculo 75 estableci\u00f3 la posibilidad de que, en adelante, el poder se pudiera conceder a \u201cuna persona jur\u00eddica cuyo objeto social principal sea la prestaci\u00f3n de servicios jur\u00eddicos\u201d, lo que, como contrapartida, supuso la necesidad de que dichas personas jur\u00eddicas tuvieran que inscribir en su registro mercantil a los abogados que litigar\u00edan bajo su \u00e9gida. Y hasta aqu\u00ed, todo muy bien.\" \/>\n<meta name=\"robots\" content=\"index, follow, max-snippet:-1, max-image-preview:large, max-video-preview:-1\" \/>\n<link rel=\"canonical\" href=\"https:\/\/solvere.legal\/en\/y-los-poderes-para-personas-juridicas\/\" \/>\n<meta property=\"og:locale\" content=\"en_US\" \/>\n<meta property=\"og:type\" content=\"article\" \/>\n<meta property=\"og:title\" content=\"\u00bfY LOS PODERES PARA PERSONAS JUR\u00cdDICAS? - Solvere\" \/>\n<meta property=\"og:description\" content=\"Una de las novedades del C\u00f3digo General del Proceso (CGP) consisti\u00f3 en introducir la posibilidad de que el poder para actuar en los procesos judiciales pudiera concederse no solo a un abogado concreto, sino tambi\u00e9n a las benem\u00e9ritas y muy respetables firmas de abogados. Para tal fin, el art\u00edculo 75 estableci\u00f3 la posibilidad de que, en adelante, el poder se pudiera conceder a \u201cuna persona jur\u00eddica cuyo objeto social principal sea la prestaci\u00f3n de servicios jur\u00eddicos\u201d, lo que, como contrapartida, supuso la necesidad de que dichas personas jur\u00eddicas tuvieran que inscribir en su registro mercantil a los abogados que litigar\u00edan bajo su \u00e9gida. Y hasta aqu\u00ed, todo muy bien.\" \/>\n<meta property=\"og:url\" content=\"https:\/\/solvere.legal\/en\/y-los-poderes-para-personas-juridicas\/\" \/>\n<meta property=\"og:site_name\" content=\"Solvere\" \/>\n<meta property=\"article:published_time\" content=\"2023-10-05T19:48:33+00:00\" \/>\n<meta property=\"article:modified_time\" content=\"2023-10-05T20:02:53+00:00\" \/>\n<meta property=\"og:image\" content=\"https:\/\/solvere.legal\/wp-content\/uploads\/2023\/10\/poder-para-empresas-2.jpeg\" \/>\n\t<meta property=\"og:image:width\" content=\"1242\" \/>\n\t<meta property=\"og:image:height\" content=\"621\" \/>\n\t<meta property=\"og:image:type\" content=\"image\/jpeg\" \/>\n<meta name=\"author\" content=\"Wilson\" \/>\n<meta name=\"twitter:card\" content=\"summary_large_image\" \/>\n<meta name=\"twitter:label1\" content=\"Written by\" \/>\n\t<meta name=\"twitter:data1\" content=\"Wilson\" \/>\n\t<meta name=\"twitter:label2\" content=\"Est. reading time\" \/>\n\t<meta name=\"twitter:data2\" content=\"4 minutes\" \/>\n<script type=\"application\/ld+json\" class=\"yoast-schema-graph\">{\"@context\":\"https:\\\/\\\/schema.org\",\"@graph\":[{\"@type\":\"Article\",\"@id\":\"https:\\\/\\\/solvere.legal\\\/y-los-poderes-para-personas-juridicas\\\/#article\",\"isPartOf\":{\"@id\":\"https:\\\/\\\/solvere.legal\\\/y-los-poderes-para-personas-juridicas\\\/\"},\"author\":{\"name\":\"Wilson\",\"@id\":\"https:\\\/\\\/solvere.legal\\\/#\\\/schema\\\/person\\\/eb5e1538aefadf8b20934378f6656783\"},\"headline\":\"\u00bfY LOS PODERES PARA PERSONAS JUR\u00cdDICAS?\",\"datePublished\":\"2023-10-05T19:48:33+00:00\",\"dateModified\":\"2023-10-05T20:02:53+00:00\",\"mainEntityOfPage\":{\"@id\":\"https:\\\/\\\/solvere.legal\\\/y-los-poderes-para-personas-juridicas\\\/\"},\"wordCount\":690,\"image\":{\"@id\":\"https:\\\/\\\/solvere.legal\\\/y-los-poderes-para-personas-juridicas\\\/#primaryimage\"},\"thumbnailUrl\":\"https:\\\/\\\/solvere.legal\\\/wp-content\\\/uploads\\\/2023\\\/10\\\/poder-para-empresas-2.jpeg\",\"inLanguage\":\"en-US\"},{\"@type\":\"WebPage\",\"@id\":\"https:\\\/\\\/solvere.legal\\\/y-los-poderes-para-personas-juridicas\\\/\",\"url\":\"https:\\\/\\\/solvere.legal\\\/y-los-poderes-para-personas-juridicas\\\/\",\"name\":\"\u00bfY LOS PODERES PARA PERSONAS JUR\u00cdDICAS? - Solvere\",\"isPartOf\":{\"@id\":\"https:\\\/\\\/solvere.legal\\\/#website\"},\"primaryImageOfPage\":{\"@id\":\"https:\\\/\\\/solvere.legal\\\/y-los-poderes-para-personas-juridicas\\\/#primaryimage\"},\"image\":{\"@id\":\"https:\\\/\\\/solvere.legal\\\/y-los-poderes-para-personas-juridicas\\\/#primaryimage\"},\"thumbnailUrl\":\"https:\\\/\\\/solvere.legal\\\/wp-content\\\/uploads\\\/2023\\\/10\\\/poder-para-empresas-2.jpeg\",\"datePublished\":\"2023-10-05T19:48:33+00:00\",\"dateModified\":\"2023-10-05T20:02:53+00:00\",\"author\":{\"@id\":\"https:\\\/\\\/solvere.legal\\\/#\\\/schema\\\/person\\\/eb5e1538aefadf8b20934378f6656783\"},\"description\":\"Una de las novedades del C\u00f3digo General del Proceso (CGP) consisti\u00f3 en introducir la posibilidad de que el poder para actuar en los procesos judiciales pudiera concederse no solo a un abogado concreto, sino tambi\u00e9n a las benem\u00e9ritas y muy respetables firmas de abogados. Para tal fin, el art\u00edculo 75 estableci\u00f3 la posibilidad de que, en adelante, el poder se pudiera conceder a \u201cuna persona jur\u00eddica cuyo objeto social principal sea la prestaci\u00f3n de servicios jur\u00eddicos\u201d, lo que, como contrapartida, supuso la necesidad de que dichas personas jur\u00eddicas tuvieran que inscribir en su registro mercantil a los abogados que litigar\u00edan bajo su \u00e9gida. Y hasta aqu\u00ed, todo muy bien.\",\"breadcrumb\":{\"@id\":\"https:\\\/\\\/solvere.legal\\\/y-los-poderes-para-personas-juridicas\\\/#breadcrumb\"},\"inLanguage\":\"en-US\",\"potentialAction\":[{\"@type\":\"ReadAction\",\"target\":[\"https:\\\/\\\/solvere.legal\\\/y-los-poderes-para-personas-juridicas\\\/\"]}]},{\"@type\":\"ImageObject\",\"inLanguage\":\"en-US\",\"@id\":\"https:\\\/\\\/solvere.legal\\\/y-los-poderes-para-personas-juridicas\\\/#primaryimage\",\"url\":\"https:\\\/\\\/solvere.legal\\\/wp-content\\\/uploads\\\/2023\\\/10\\\/poder-para-empresas-2.jpeg\",\"contentUrl\":\"https:\\\/\\\/solvere.legal\\\/wp-content\\\/uploads\\\/2023\\\/10\\\/poder-para-empresas-2.jpeg\",\"width\":1242,\"height\":621},{\"@type\":\"BreadcrumbList\",\"@id\":\"https:\\\/\\\/solvere.legal\\\/y-los-poderes-para-personas-juridicas\\\/#breadcrumb\",\"itemListElement\":[{\"@type\":\"ListItem\",\"position\":1,\"name\":\"Home\",\"item\":\"https:\\\/\\\/solvere.legal\\\/\"},{\"@type\":\"ListItem\",\"position\":2,\"name\":\"\u00bfY LOS PODERES PARA PERSONAS JUR\u00cdDICAS?\"}]},{\"@type\":\"WebSite\",\"@id\":\"https:\\\/\\\/solvere.legal\\\/#website\",\"url\":\"https:\\\/\\\/solvere.legal\\\/\",\"name\":\"Solvere\",\"description\":\"Legal\",\"potentialAction\":[{\"@type\":\"SearchAction\",\"target\":{\"@type\":\"EntryPoint\",\"urlTemplate\":\"https:\\\/\\\/solvere.legal\\\/?s={search_term_string}\"},\"query-input\":{\"@type\":\"PropertyValueSpecification\",\"valueRequired\":true,\"valueName\":\"search_term_string\"}}],\"inLanguage\":\"en-US\"},{\"@type\":\"Person\",\"@id\":\"https:\\\/\\\/solvere.legal\\\/#\\\/schema\\\/person\\\/eb5e1538aefadf8b20934378f6656783\",\"name\":\"Wilson\"}]}<\/script>\n<!-- \/ Yoast SEO plugin. -->","yoast_head_json":{"title":"\u00bfY LOS PODERES PARA PERSONAS JUR\u00cdDICAS? - Solvere","description":"Una de las novedades del C\u00f3digo General del Proceso (CGP) consisti\u00f3 en introducir la posibilidad de que el poder para actuar en los procesos judiciales pudiera concederse no solo a un abogado concreto, sino tambi\u00e9n a las benem\u00e9ritas y muy respetables firmas de abogados. Para tal fin, el art\u00edculo 75 estableci\u00f3 la posibilidad de que, en adelante, el poder se pudiera conceder a \u201cuna persona jur\u00eddica cuyo objeto social principal sea la prestaci\u00f3n de servicios jur\u00eddicos\u201d, lo que, como contrapartida, supuso la necesidad de que dichas personas jur\u00eddicas tuvieran que inscribir en su registro mercantil a los abogados que litigar\u00edan bajo su \u00e9gida. Y hasta aqu\u00ed, todo muy bien.","robots":{"index":"index","follow":"follow","max-snippet":"max-snippet:-1","max-image-preview":"max-image-preview:large","max-video-preview":"max-video-preview:-1"},"canonical":"https:\/\/solvere.legal\/en\/y-los-poderes-para-personas-juridicas\/","og_locale":"en_US","og_type":"article","og_title":"\u00bfY LOS PODERES PARA PERSONAS JUR\u00cdDICAS? - Solvere","og_description":"Una de las novedades del C\u00f3digo General del Proceso (CGP) consisti\u00f3 en introducir la posibilidad de que el poder para actuar en los procesos judiciales pudiera concederse no solo a un abogado concreto, sino tambi\u00e9n a las benem\u00e9ritas y muy respetables firmas de abogados. Para tal fin, el art\u00edculo 75 estableci\u00f3 la posibilidad de que, en adelante, el poder se pudiera conceder a \u201cuna persona jur\u00eddica cuyo objeto social principal sea la prestaci\u00f3n de servicios jur\u00eddicos\u201d, lo que, como contrapartida, supuso la necesidad de que dichas personas jur\u00eddicas tuvieran que inscribir en su registro mercantil a los abogados que litigar\u00edan bajo su \u00e9gida. Y hasta aqu\u00ed, todo muy bien.","og_url":"https:\/\/solvere.legal\/en\/y-los-poderes-para-personas-juridicas\/","og_site_name":"Solvere","article_published_time":"2023-10-05T19:48:33+00:00","article_modified_time":"2023-10-05T20:02:53+00:00","og_image":[{"width":1242,"height":621,"url":"https:\/\/solvere.legal\/wp-content\/uploads\/2023\/10\/poder-para-empresas-2.jpeg","type":"image\/jpeg"}],"author":"Wilson","twitter_card":"summary_large_image","twitter_misc":{"Written by":"Wilson","Est. reading time":"4 minutes"},"schema":{"@context":"https:\/\/schema.org","@graph":[{"@type":"Article","@id":"https:\/\/solvere.legal\/y-los-poderes-para-personas-juridicas\/#article","isPartOf":{"@id":"https:\/\/solvere.legal\/y-los-poderes-para-personas-juridicas\/"},"author":{"name":"Wilson","@id":"https:\/\/solvere.legal\/#\/schema\/person\/eb5e1538aefadf8b20934378f6656783"},"headline":"\u00bfY LOS PODERES PARA PERSONAS JUR\u00cdDICAS?","datePublished":"2023-10-05T19:48:33+00:00","dateModified":"2023-10-05T20:02:53+00:00","mainEntityOfPage":{"@id":"https:\/\/solvere.legal\/y-los-poderes-para-personas-juridicas\/"},"wordCount":690,"image":{"@id":"https:\/\/solvere.legal\/y-los-poderes-para-personas-juridicas\/#primaryimage"},"thumbnailUrl":"https:\/\/solvere.legal\/wp-content\/uploads\/2023\/10\/poder-para-empresas-2.jpeg","inLanguage":"en-US"},{"@type":"WebPage","@id":"https:\/\/solvere.legal\/y-los-poderes-para-personas-juridicas\/","url":"https:\/\/solvere.legal\/y-los-poderes-para-personas-juridicas\/","name":"\u00bfY LOS PODERES PARA PERSONAS JUR\u00cdDICAS? - Solvere","isPartOf":{"@id":"https:\/\/solvere.legal\/#website"},"primaryImageOfPage":{"@id":"https:\/\/solvere.legal\/y-los-poderes-para-personas-juridicas\/#primaryimage"},"image":{"@id":"https:\/\/solvere.legal\/y-los-poderes-para-personas-juridicas\/#primaryimage"},"thumbnailUrl":"https:\/\/solvere.legal\/wp-content\/uploads\/2023\/10\/poder-para-empresas-2.jpeg","datePublished":"2023-10-05T19:48:33+00:00","dateModified":"2023-10-05T20:02:53+00:00","author":{"@id":"https:\/\/solvere.legal\/#\/schema\/person\/eb5e1538aefadf8b20934378f6656783"},"description":"Una de las novedades del C\u00f3digo General del Proceso (CGP) consisti\u00f3 en introducir la posibilidad de que el poder para actuar en los procesos judiciales pudiera concederse no solo a un abogado concreto, sino tambi\u00e9n a las benem\u00e9ritas y muy respetables firmas de abogados. Para tal fin, el art\u00edculo 75 estableci\u00f3 la posibilidad de que, en adelante, el poder se pudiera conceder a \u201cuna persona jur\u00eddica cuyo objeto social principal sea la prestaci\u00f3n de servicios jur\u00eddicos\u201d, lo que, como contrapartida, supuso la necesidad de que dichas personas jur\u00eddicas tuvieran que inscribir en su registro mercantil a los abogados que litigar\u00edan bajo su \u00e9gida. Y hasta aqu\u00ed, todo muy bien.","breadcrumb":{"@id":"https:\/\/solvere.legal\/y-los-poderes-para-personas-juridicas\/#breadcrumb"},"inLanguage":"en-US","potentialAction":[{"@type":"ReadAction","target":["https:\/\/solvere.legal\/y-los-poderes-para-personas-juridicas\/"]}]},{"@type":"ImageObject","inLanguage":"en-US","@id":"https:\/\/solvere.legal\/y-los-poderes-para-personas-juridicas\/#primaryimage","url":"https:\/\/solvere.legal\/wp-content\/uploads\/2023\/10\/poder-para-empresas-2.jpeg","contentUrl":"https:\/\/solvere.legal\/wp-content\/uploads\/2023\/10\/poder-para-empresas-2.jpeg","width":1242,"height":621},{"@type":"BreadcrumbList","@id":"https:\/\/solvere.legal\/y-los-poderes-para-personas-juridicas\/#breadcrumb","itemListElement":[{"@type":"ListItem","position":1,"name":"Home","item":"https:\/\/solvere.legal\/"},{"@type":"ListItem","position":2,"name":"\u00bfY LOS PODERES PARA PERSONAS JUR\u00cdDICAS?"}]},{"@type":"WebSite","@id":"https:\/\/solvere.legal\/#website","url":"https:\/\/solvere.legal\/","name":"Solvere","description":"Legal","potentialAction":[{"@type":"SearchAction","target":{"@type":"EntryPoint","urlTemplate":"https:\/\/solvere.legal\/?s={search_term_string}"},"query-input":{"@type":"PropertyValueSpecification","valueRequired":true,"valueName":"search_term_string"}}],"inLanguage":"en-US"},{"@type":"Person","@id":"https:\/\/solvere.legal\/#\/schema\/person\/eb5e1538aefadf8b20934378f6656783","name":"Wilson"}]}},"_links":{"self":[{"href":"https:\/\/solvere.legal\/en\/wp-json\/wp\/v2\/posts\/1129","targetHints":{"allow":["GET"]}}],"collection":[{"href":"https:\/\/solvere.legal\/en\/wp-json\/wp\/v2\/posts"}],"about":[{"href":"https:\/\/solvere.legal\/en\/wp-json\/wp\/v2\/types\/post"}],"author":[{"embeddable":true,"href":"https:\/\/solvere.legal\/en\/wp-json\/wp\/v2\/users\/4"}],"replies":[{"embeddable":true,"href":"https:\/\/solvere.legal\/en\/wp-json\/wp\/v2\/comments?post=1129"}],"version-history":[{"count":3,"href":"https:\/\/solvere.legal\/en\/wp-json\/wp\/v2\/posts\/1129\/revisions"}],"predecessor-version":[{"id":1136,"href":"https:\/\/solvere.legal\/en\/wp-json\/wp\/v2\/posts\/1129\/revisions\/1136"}],"wp:featuredmedia":[{"embeddable":true,"href":"https:\/\/solvere.legal\/en\/wp-json\/wp\/v2\/media\/1132"}],"wp:attachment":[{"href":"https:\/\/solvere.legal\/en\/wp-json\/wp\/v2\/media?parent=1129"}],"wp:term":[{"taxonomy":"category","embeddable":true,"href":"https:\/\/solvere.legal\/en\/wp-json\/wp\/v2\/categories?post=1129"},{"taxonomy":"post_tag","embeddable":true,"href":"https:\/\/solvere.legal\/en\/wp-json\/wp\/v2\/tags?post=1129"}],"curies":[{"name":"wp","href":"https:\/\/api.w.org\/{rel}","templated":true}]}}