{"id":1069,"date":"2023-04-10T22:06:23","date_gmt":"2023-04-10T22:06:23","guid":{"rendered":"https:\/\/solvere.legal\/?p=1069"},"modified":"2023-04-11T16:48:19","modified_gmt":"2023-04-11T16:48:19","slug":"desarreglos-institucionales","status":"publish","type":"post","link":"https:\/\/solvere.legal\/en\/desarreglos-institucionales\/","title":{"rendered":"DESARREGLOS INSTITUCIONALES"},"content":{"rendered":"<p>Bautizamos as\u00ed una serie de columnas de opini\u00f3n que iremos presentando en nuestro blog, con el fin de plantear a la comunidad jur\u00eddica algunas cuestiones acerca de lo que, consideramos, hace patente la existencia de desbalances en la institucionalidad colombiana, que, aunque tienen respaldo constitucional y legal, merecen una revisi\u00f3n o, al menos, una discusi\u00f3n. M\u00e1s all\u00e1 de la constitucionalidad o de la legalidad, los puntos que aqu\u00ed analizaremos se refieren a la proporcionalidad y al equilibrio institucional, de cara al Estado y de cara al ciudadano.<\/p>\n\n\n\n<p>Nuestro prop\u00f3sito es suscitar discusiones del mayor calado posible, por lo que est\u00e1n abiertas las puertas para que los temas que aqu\u00ed planteamos den lugar a debates, a foros, a discusiones, y, en general, a cualquier espacio de difusi\u00f3n y de an\u00e1lisis.<\/p>\n\n\n\n<p>Damos apertura a este ciclo, y esperamos con mucho inter\u00e9s sus comentarios.<\/p>\n\n\n\n<p>La SIC: Rezago del r\u00e9gimen de plena competencia: <a href=\"https:\/\/solvere.legal\/en\/antes-de-la-actual-constitucion-politica-c-pol-el-sistema-penal-colombiano-se-identificaba-con-la-premisa-de-la-plena-competencia-del-juez-eran-jueces-quienes-hacian-la-instruccion-y-eran-los-m\/\">https:\/\/solvere.legal\/antes-de-la-actual-constitucion-politica-c-pol-el-sistema-penal-colombiano-se-identificaba-con-la-premisa-de-la-plena-competencia-del-juez-eran-jueces-quienes-hacian-la-instruccion-y-eran-los-m\/<\/a> <\/p>\n\n\n\n<p><\/p>","protected":false},"excerpt":{"rendered":"<p>Bautizamos as\u00ed una serie de columnas de opini\u00f3n que iremos presentando en nuestro blog, con el fin de plantear a la comunidad jur\u00eddica algunas cuestiones acerca de lo que, consideramos, hace patente la existencia de desbalances en la institucionalidad colombiana, que, aunque tienen respaldo constitucional y legal, merecen una revisi\u00f3n o, al menos, una discusi\u00f3n. [&hellip;]<\/p>\n","protected":false},"author":3,"featured_media":1070,"comment_status":"closed","ping_status":"closed","sticky":false,"template":"","format":"standard","meta":{"_acf_changed":false,"footnotes":""},"categories":[1],"tags":[],"class_list":["post-1069","post","type-post","status-publish","format-standard","has-post-thumbnail","hentry","category-uncategorized"],"acf":[],"yoast_head":"<!-- This site is optimized with the Yoast SEO plugin v27.3 - https:\/\/yoast.com\/product\/yoast-seo-wordpress\/ -->\n<title>DESARREGLOS INSTITUCIONALES - Solvere<\/title>\n<meta name=\"description\" content=\"Bautizamos as\u00ed una serie de columnas de opini\u00f3n que iremos presentando en nuestro blog, con el fin de plantear a la comunidad jur\u00eddica algunas cuestiones acerca de lo que, consideramos, hace patente la existencia de desbalances en la institucionalidad colombiana, que, aunque tienen respaldo constitucional y legal\" \/>\n<meta name=\"robots\" content=\"index, follow, max-snippet:-1, max-image-preview:large, max-video-preview:-1\" \/>\n<link rel=\"canonical\" href=\"https:\/\/solvere.legal\/en\/desarreglos-institucionales\/\" \/>\n<meta property=\"og:locale\" content=\"en_US\" \/>\n<meta property=\"og:type\" content=\"article\" \/>\n<meta property=\"og:title\" content=\"DESARREGLOS INSTITUCIONALES - Solvere\" \/>\n<meta property=\"og:description\" content=\"Bautizamos as\u00ed una serie de columnas de opini\u00f3n que iremos presentando en nuestro blog, con el fin de plantear a la comunidad jur\u00eddica algunas cuestiones acerca de lo que, consideramos, hace patente la existencia de desbalances en la institucionalidad colombiana, que, aunque tienen respaldo constitucional y legal\" \/>\n<meta property=\"og:url\" content=\"https:\/\/solvere.legal\/en\/desarreglos-institucionales\/\" \/>\n<meta property=\"og:site_name\" content=\"Solvere\" \/>\n<meta property=\"article:published_time\" content=\"2023-04-10T22:06:23+00:00\" \/>\n<meta property=\"article:modified_time\" content=\"2023-04-11T16:48:19+00:00\" \/>\n<meta property=\"og:image\" content=\"https:\/\/solvere.legal\/wp-content\/uploads\/2023\/04\/poder-e1551829339297.jpg\" \/>\n\t<meta property=\"og:image:width\" content=\"800\" \/>\n\t<meta property=\"og:image:height\" content=\"400\" \/>\n\t<meta property=\"og:image:type\" content=\"image\/jpeg\" \/>\n<meta name=\"author\" content=\"Oscar\" \/>\n<meta name=\"twitter:card\" content=\"summary_large_image\" \/>\n<meta name=\"twitter:label1\" content=\"Written by\" \/>\n\t<meta name=\"twitter:data1\" content=\"Oscar\" \/>\n\t<meta name=\"twitter:label2\" content=\"Est. reading time\" \/>\n\t<meta name=\"twitter:data2\" content=\"1 minute\" \/>\n<script type=\"application\/ld+json\" class=\"yoast-schema-graph\">{\"@context\":\"https:\\\/\\\/schema.org\",\"@graph\":[{\"@type\":\"Article\",\"@id\":\"https:\\\/\\\/solvere.legal\\\/desarreglos-institucionales\\\/#article\",\"isPartOf\":{\"@id\":\"https:\\\/\\\/solvere.legal\\\/desarreglos-institucionales\\\/\"},\"author\":{\"name\":\"Oscar\",\"@id\":\"https:\\\/\\\/solvere.legal\\\/#\\\/schema\\\/person\\\/598c46642a17e61c81135e21d173be9b\"},\"headline\":\"DESARREGLOS INSTITUCIONALES\",\"datePublished\":\"2023-04-10T22:06:23+00:00\",\"dateModified\":\"2023-04-11T16:48:19+00:00\",\"mainEntityOfPage\":{\"@id\":\"https:\\\/\\\/solvere.legal\\\/desarreglos-institucionales\\\/\"},\"wordCount\":166,\"image\":{\"@id\":\"https:\\\/\\\/solvere.legal\\\/desarreglos-institucionales\\\/#primaryimage\"},\"thumbnailUrl\":\"https:\\\/\\\/solvere.legal\\\/wp-content\\\/uploads\\\/2023\\\/04\\\/poder-e1551829339297.jpg\",\"inLanguage\":\"en-US\"},{\"@type\":\"WebPage\",\"@id\":\"https:\\\/\\\/solvere.legal\\\/desarreglos-institucionales\\\/\",\"url\":\"https:\\\/\\\/solvere.legal\\\/desarreglos-institucionales\\\/\",\"name\":\"DESARREGLOS INSTITUCIONALES - Solvere\",\"isPartOf\":{\"@id\":\"https:\\\/\\\/solvere.legal\\\/#website\"},\"primaryImageOfPage\":{\"@id\":\"https:\\\/\\\/solvere.legal\\\/desarreglos-institucionales\\\/#primaryimage\"},\"image\":{\"@id\":\"https:\\\/\\\/solvere.legal\\\/desarreglos-institucionales\\\/#primaryimage\"},\"thumbnailUrl\":\"https:\\\/\\\/solvere.legal\\\/wp-content\\\/uploads\\\/2023\\\/04\\\/poder-e1551829339297.jpg\",\"datePublished\":\"2023-04-10T22:06:23+00:00\",\"dateModified\":\"2023-04-11T16:48:19+00:00\",\"author\":{\"@id\":\"https:\\\/\\\/solvere.legal\\\/#\\\/schema\\\/person\\\/598c46642a17e61c81135e21d173be9b\"},\"description\":\"Bautizamos as\u00ed una serie de columnas de opini\u00f3n que iremos presentando en nuestro blog, con el fin de plantear a la comunidad jur\u00eddica algunas cuestiones acerca de lo que, consideramos, hace patente la existencia de desbalances en la institucionalidad colombiana, que, aunque tienen respaldo constitucional y legal\",\"breadcrumb\":{\"@id\":\"https:\\\/\\\/solvere.legal\\\/desarreglos-institucionales\\\/#breadcrumb\"},\"inLanguage\":\"en-US\",\"potentialAction\":[{\"@type\":\"ReadAction\",\"target\":[\"https:\\\/\\\/solvere.legal\\\/desarreglos-institucionales\\\/\"]}]},{\"@type\":\"ImageObject\",\"inLanguage\":\"en-US\",\"@id\":\"https:\\\/\\\/solvere.legal\\\/desarreglos-institucionales\\\/#primaryimage\",\"url\":\"https:\\\/\\\/solvere.legal\\\/wp-content\\\/uploads\\\/2023\\\/04\\\/poder-e1551829339297.jpg\",\"contentUrl\":\"https:\\\/\\\/solvere.legal\\\/wp-content\\\/uploads\\\/2023\\\/04\\\/poder-e1551829339297.jpg\",\"width\":800,\"height\":400},{\"@type\":\"BreadcrumbList\",\"@id\":\"https:\\\/\\\/solvere.legal\\\/desarreglos-institucionales\\\/#breadcrumb\",\"itemListElement\":[{\"@type\":\"ListItem\",\"position\":1,\"name\":\"Home\",\"item\":\"https:\\\/\\\/solvere.legal\\\/\"},{\"@type\":\"ListItem\",\"position\":2,\"name\":\"DESARREGLOS INSTITUCIONALES\"}]},{\"@type\":\"WebSite\",\"@id\":\"https:\\\/\\\/solvere.legal\\\/#website\",\"url\":\"https:\\\/\\\/solvere.legal\\\/\",\"name\":\"Solvere\",\"description\":\"Legal\",\"potentialAction\":[{\"@type\":\"SearchAction\",\"target\":{\"@type\":\"EntryPoint\",\"urlTemplate\":\"https:\\\/\\\/solvere.legal\\\/?s={search_term_string}\"},\"query-input\":{\"@type\":\"PropertyValueSpecification\",\"valueRequired\":true,\"valueName\":\"search_term_string\"}}],\"inLanguage\":\"en-US\"},{\"@type\":\"Person\",\"@id\":\"https:\\\/\\\/solvere.legal\\\/#\\\/schema\\\/person\\\/598c46642a17e61c81135e21d173be9b\",\"name\":\"Oscar\"}]}<\/script>\n<!-- \/ Yoast SEO plugin. -->","yoast_head_json":{"title":"DESARREGLOS INSTITUCIONALES - Solvere","description":"Bautizamos as\u00ed una serie de columnas de opini\u00f3n que iremos presentando en nuestro blog, con el fin de plantear a la comunidad jur\u00eddica algunas cuestiones acerca de lo que, consideramos, hace patente la existencia de desbalances en la institucionalidad colombiana, que, aunque tienen respaldo constitucional y legal","robots":{"index":"index","follow":"follow","max-snippet":"max-snippet:-1","max-image-preview":"max-image-preview:large","max-video-preview":"max-video-preview:-1"},"canonical":"https:\/\/solvere.legal\/en\/desarreglos-institucionales\/","og_locale":"en_US","og_type":"article","og_title":"DESARREGLOS INSTITUCIONALES - Solvere","og_description":"Bautizamos as\u00ed una serie de columnas de opini\u00f3n que iremos presentando en nuestro blog, con el fin de plantear a la comunidad jur\u00eddica algunas cuestiones acerca de lo que, consideramos, hace patente la existencia de desbalances en la institucionalidad colombiana, que, aunque tienen respaldo constitucional y legal","og_url":"https:\/\/solvere.legal\/en\/desarreglos-institucionales\/","og_site_name":"Solvere","article_published_time":"2023-04-10T22:06:23+00:00","article_modified_time":"2023-04-11T16:48:19+00:00","og_image":[{"width":800,"height":400,"url":"https:\/\/solvere.legal\/wp-content\/uploads\/2023\/04\/poder-e1551829339297.jpg","type":"image\/jpeg"}],"author":"Oscar","twitter_card":"summary_large_image","twitter_misc":{"Written by":"Oscar","Est. reading time":"1 minute"},"schema":{"@context":"https:\/\/schema.org","@graph":[{"@type":"Article","@id":"https:\/\/solvere.legal\/desarreglos-institucionales\/#article","isPartOf":{"@id":"https:\/\/solvere.legal\/desarreglos-institucionales\/"},"author":{"name":"Oscar","@id":"https:\/\/solvere.legal\/#\/schema\/person\/598c46642a17e61c81135e21d173be9b"},"headline":"DESARREGLOS INSTITUCIONALES","datePublished":"2023-04-10T22:06:23+00:00","dateModified":"2023-04-11T16:48:19+00:00","mainEntityOfPage":{"@id":"https:\/\/solvere.legal\/desarreglos-institucionales\/"},"wordCount":166,"image":{"@id":"https:\/\/solvere.legal\/desarreglos-institucionales\/#primaryimage"},"thumbnailUrl":"https:\/\/solvere.legal\/wp-content\/uploads\/2023\/04\/poder-e1551829339297.jpg","inLanguage":"en-US"},{"@type":"WebPage","@id":"https:\/\/solvere.legal\/desarreglos-institucionales\/","url":"https:\/\/solvere.legal\/desarreglos-institucionales\/","name":"DESARREGLOS INSTITUCIONALES - Solvere","isPartOf":{"@id":"https:\/\/solvere.legal\/#website"},"primaryImageOfPage":{"@id":"https:\/\/solvere.legal\/desarreglos-institucionales\/#primaryimage"},"image":{"@id":"https:\/\/solvere.legal\/desarreglos-institucionales\/#primaryimage"},"thumbnailUrl":"https:\/\/solvere.legal\/wp-content\/uploads\/2023\/04\/poder-e1551829339297.jpg","datePublished":"2023-04-10T22:06:23+00:00","dateModified":"2023-04-11T16:48:19+00:00","author":{"@id":"https:\/\/solvere.legal\/#\/schema\/person\/598c46642a17e61c81135e21d173be9b"},"description":"Bautizamos as\u00ed una serie de columnas de opini\u00f3n que iremos presentando en nuestro blog, con el fin de plantear a la comunidad jur\u00eddica algunas cuestiones acerca de lo que, consideramos, hace patente la existencia de desbalances en la institucionalidad colombiana, que, aunque tienen respaldo constitucional y legal","breadcrumb":{"@id":"https:\/\/solvere.legal\/desarreglos-institucionales\/#breadcrumb"},"inLanguage":"en-US","potentialAction":[{"@type":"ReadAction","target":["https:\/\/solvere.legal\/desarreglos-institucionales\/"]}]},{"@type":"ImageObject","inLanguage":"en-US","@id":"https:\/\/solvere.legal\/desarreglos-institucionales\/#primaryimage","url":"https:\/\/solvere.legal\/wp-content\/uploads\/2023\/04\/poder-e1551829339297.jpg","contentUrl":"https:\/\/solvere.legal\/wp-content\/uploads\/2023\/04\/poder-e1551829339297.jpg","width":800,"height":400},{"@type":"BreadcrumbList","@id":"https:\/\/solvere.legal\/desarreglos-institucionales\/#breadcrumb","itemListElement":[{"@type":"ListItem","position":1,"name":"Home","item":"https:\/\/solvere.legal\/"},{"@type":"ListItem","position":2,"name":"DESARREGLOS INSTITUCIONALES"}]},{"@type":"WebSite","@id":"https:\/\/solvere.legal\/#website","url":"https:\/\/solvere.legal\/","name":"Solvere","description":"Legal","potentialAction":[{"@type":"SearchAction","target":{"@type":"EntryPoint","urlTemplate":"https:\/\/solvere.legal\/?s={search_term_string}"},"query-input":{"@type":"PropertyValueSpecification","valueRequired":true,"valueName":"search_term_string"}}],"inLanguage":"en-US"},{"@type":"Person","@id":"https:\/\/solvere.legal\/#\/schema\/person\/598c46642a17e61c81135e21d173be9b","name":"Oscar"}]}},"_links":{"self":[{"href":"https:\/\/solvere.legal\/en\/wp-json\/wp\/v2\/posts\/1069","targetHints":{"allow":["GET"]}}],"collection":[{"href":"https:\/\/solvere.legal\/en\/wp-json\/wp\/v2\/posts"}],"about":[{"href":"https:\/\/solvere.legal\/en\/wp-json\/wp\/v2\/types\/post"}],"author":[{"embeddable":true,"href":"https:\/\/solvere.legal\/en\/wp-json\/wp\/v2\/users\/3"}],"replies":[{"embeddable":true,"href":"https:\/\/solvere.legal\/en\/wp-json\/wp\/v2\/comments?post=1069"}],"version-history":[{"count":4,"href":"https:\/\/solvere.legal\/en\/wp-json\/wp\/v2\/posts\/1069\/revisions"}],"predecessor-version":[{"id":1080,"href":"https:\/\/solvere.legal\/en\/wp-json\/wp\/v2\/posts\/1069\/revisions\/1080"}],"wp:featuredmedia":[{"embeddable":true,"href":"https:\/\/solvere.legal\/en\/wp-json\/wp\/v2\/media\/1070"}],"wp:attachment":[{"href":"https:\/\/solvere.legal\/en\/wp-json\/wp\/v2\/media?parent=1069"}],"wp:term":[{"taxonomy":"category","embeddable":true,"href":"https:\/\/solvere.legal\/en\/wp-json\/wp\/v2\/categories?post=1069"},{"taxonomy":"post_tag","embeddable":true,"href":"https:\/\/solvere.legal\/en\/wp-json\/wp\/v2\/tags?post=1069"}],"curies":[{"name":"wp","href":"https:\/\/api.w.org\/{rel}","templated":true}]}}